{"id":4404,"date":"2022-08-22T11:25:01","date_gmt":"2022-08-22T10:25:01","guid":{"rendered":"https:\/\/lesmoles.com\/ya-puedes-ver-los-menus-de-la-shoppingfood-night-de-ulldecona\/"},"modified":"2022-08-22T11:26:13","modified_gmt":"2022-08-22T10:26:13","slug":"ya-puedes-ver-los-menus-de-la-shoppingfood-night-de-ulldecona","status":"publish","type":"post","link":"https:\/\/lesmoles.com\/es\/ya-puedes-ver-los-menus-de-la-shoppingfood-night-de-ulldecona\/","title":{"rendered":"Ya puedes ver los men\u00fas de la Shopping&amp;Food Night de Ulldecona"},"content":{"rendered":"\n<p>Este a\u00f1o 2022 est\u00e1 dando mucho de s\u00ed, y nosotros seguimos m\u00e1s activos que nunca para seguir comprando momentos especiales y \u00fanicos con todos vosotros. A continuaci\u00f3n podr\u00e1s ver los men\u00fas que le hemos preparado para la noche del martes 30 de agosto en Ulldecona, en la Shopping&amp;Food Night. <\/p>\n\n<p>Por un lado el men\u00fa \u00abLa Mera\u00bb, creado especialmente para disfrutar en la plaza con el sello de nuestro restaurante. Puedes realizar tu reserva aqu\u00ed: <\/p>\n\n<figure class=\"wp-block-image size-large\"><a href=\"https:\/\/lesmoles.com\/lamera\"><img fetchpriority=\"high\" decoding=\"async\" width=\"1024\" height=\"1024\" src=\"https:\/\/lesmoles.com\/wp-content\/uploads\/2022\/08\/2022_shopping_cuadrado2-1024x1024.jpg\" alt=\"\" class=\"wp-image-4395\" srcset=\"https:\/\/lesmoles.com\/wp-content\/uploads\/2022\/08\/2022_shopping_cuadrado2-1024x1024.jpg 1024w, https:\/\/lesmoles.com\/wp-content\/uploads\/2022\/08\/2022_shopping_cuadrado2-300x300.jpg 300w, https:\/\/lesmoles.com\/wp-content\/uploads\/2022\/08\/2022_shopping_cuadrado2-150x150.jpg 150w, https:\/\/lesmoles.com\/wp-content\/uploads\/2022\/08\/2022_shopping_cuadrado2-768x768.jpg 768w, https:\/\/lesmoles.com\/wp-content\/uploads\/2022\/08\/2022_shopping_cuadrado2-1536x1536.jpg 1536w, https:\/\/lesmoles.com\/wp-content\/uploads\/2022\/08\/2022_shopping_cuadrado2-600x600.jpg 600w, https:\/\/lesmoles.com\/wp-content\/uploads\/2022\/08\/2022_shopping_cuadrado2-100x100.jpg 100w, https:\/\/lesmoles.com\/wp-content\/uploads\/2022\/08\/2022_shopping_cuadrado2.jpg 1754w\" sizes=\"(max-width: 1024px) 100vw, 1024px\" \/><\/a><\/figure>\n\n<p>El otro men\u00fa que puedes disfrutar esa noche es el de la nueva Food Track de Les Moles Events. \u00a1Una versi\u00f3n m\u00e1s canalla para llevar a casa! <\/p>\n\n<figure class=\"wp-block-image size-large\"><img decoding=\"async\" width=\"1024\" height=\"1024\" src=\"https:\/\/lesmoles.com\/wp-content\/uploads\/2022\/08\/2022_shopping_cuadrado3-1024x1024.jpg\" alt=\"\" class=\"wp-image-4399\" srcset=\"https:\/\/lesmoles.com\/wp-content\/uploads\/2022\/08\/2022_shopping_cuadrado3-1024x1024.jpg 1024w, https:\/\/lesmoles.com\/wp-content\/uploads\/2022\/08\/2022_shopping_cuadrado3-300x300.jpg 300w, https:\/\/lesmoles.com\/wp-content\/uploads\/2022\/08\/2022_shopping_cuadrado3-150x150.jpg 150w, https:\/\/lesmoles.com\/wp-content\/uploads\/2022\/08\/2022_shopping_cuadrado3-768x768.jpg 768w, https:\/\/lesmoles.com\/wp-content\/uploads\/2022\/08\/2022_shopping_cuadrado3-1536x1536.jpg 1536w, https:\/\/lesmoles.com\/wp-content\/uploads\/2022\/08\/2022_shopping_cuadrado3-600x600.jpg 600w, https:\/\/lesmoles.com\/wp-content\/uploads\/2022\/08\/2022_shopping_cuadrado3-100x100.jpg 100w, https:\/\/lesmoles.com\/wp-content\/uploads\/2022\/08\/2022_shopping_cuadrado3.jpg 1754w\" sizes=\"(max-width: 1024px) 100vw, 1024px\" \/><\/figure>\n","protected":false},"excerpt":{"rendered":"<p>Este a\u00f1o 2022 est\u00e1 dando mucho de s\u00ed, y nosotros seguimos m\u00e1s activos que nunca para seguir comprando momentos especiales y \u00fanicos con todos vosotros. A continuaci\u00f3n podr\u00e1s ver los men\u00fas que le hemos preparado para la noche del martes 30 de agosto en Ulldecona, en la Shopping&amp;Food Night. Por un lado el men\u00fa \u00abLa [&hellip;]<\/p>\n","protected":false},"author":2,"featured_media":0,"comment_status":"open","ping_status":"open","sticky":true,"template":"","format":"standard","meta":{"_acf_changed":false,"site-sidebar-layout":"default","site-content-layout":"","ast-site-content-layout":"","site-content-style":"default","site-sidebar-style":"default","ast-global-header-display":"","ast-banner-title-visibility":"","ast-main-header-display":"","ast-hfb-above-header-display":"","ast-hfb-below-header-display":"","ast-hfb-mobile-header-display":"","site-post-title":"","ast-breadcrumbs-content":"","ast-featured-img":"","footer-sml-layout":"","theme-transparent-header-meta":"","adv-header-id-meta":"","stick-header-meta":"","header-above-stick-meta":"","header-main-stick-meta":"","header-below-stick-meta":"","astra-migrate-meta-layouts":"default","ast-page-background-enabled":"default","ast-page-background-meta":{"desktop":{"background-color":"var(--ast-global-color-4)","background-image":"","background-repeat":"repeat","background-position":"center center","background-size":"auto","background-attachment":"scroll","background-type":"","background-media":"","overlay-type":"","overlay-color":"","overlay-opacity":"","overlay-gradient":""},"tablet":{"background-color":"","background-image":"","background-repeat":"repeat","background-position":"center center","background-size":"auto","background-attachment":"scroll","background-type":"","background-media":"","overlay-type":"","overlay-color":"","overlay-opacity":"","overlay-gradient":""},"mobile":{"background-color":"","background-image":"","background-repeat":"repeat","background-position":"center center","background-size":"auto","background-attachment":"scroll","background-type":"","background-media":"","overlay-type":"","overlay-color":"","overlay-opacity":"","overlay-gradient":""}},"ast-content-background-meta":{"desktop":{"background-color":"var(--ast-global-color-5)","background-image":"","background-repeat":"repeat","background-position":"center center","background-size":"auto","background-attachment":"scroll","background-type":"","background-media":"","overlay-type":"","overlay-color":"","overlay-opacity":"","overlay-gradient":""},"tablet":{"background-color":"var(--ast-global-color-5)","background-image":"","background-repeat":"repeat","background-position":"center center","background-size":"auto","background-attachment":"scroll","background-type":"","background-media":"","overlay-type":"","overlay-color":"","overlay-opacity":"","overlay-gradient":""},"mobile":{"background-color":"var(--ast-global-color-5)","background-image":"","background-repeat":"repeat","background-position":"center center","background-size":"auto","background-attachment":"scroll","background-type":"","background-media":"","overlay-type":"","overlay-color":"","overlay-opacity":"","overlay-gradient":""}},"footnotes":""},"categories":[31],"tags":[],"class_list":["post-4404","post","type-post","status-publish","format-standard","hentry","category-sin-categorizar"],"acf":[],"yoast_head":"<!-- This site is optimized with the Yoast SEO plugin v26.6 - https:\/\/yoast.com\/wordpress\/plugins\/seo\/ -->\n<title>Ya puedes ver los men\u00fas de la Shopping&amp;Food Night de Ulldecona - Les Moles<\/title>\n<meta name=\"robots\" content=\"index, follow, max-snippet:-1, max-image-preview:large, max-video-preview:-1\" \/>\n<link rel=\"canonical\" href=\"https:\/\/lesmoles.com\/es\/ya-puedes-ver-los-menus-de-la-shoppingfood-night-de-ulldecona\/\" \/>\n<meta property=\"og:locale\" content=\"es_ES\" \/>\n<meta property=\"og:type\" content=\"article\" \/>\n<meta property=\"og:title\" content=\"Ya puedes ver los men\u00fas de la Shopping&amp;Food Night de Ulldecona - Les Moles\" \/>\n<meta property=\"og:description\" content=\"Este a\u00f1o 2022 est\u00e1 dando mucho de s\u00ed, y nosotros seguimos m\u00e1s activos que nunca para seguir comprando momentos especiales y \u00fanicos con todos vosotros. A continuaci\u00f3n podr\u00e1s ver los men\u00fas que le hemos preparado para la noche del martes 30 de agosto en Ulldecona, en la Shopping&amp;Food Night. Por un lado el men\u00fa \u00abLa [&hellip;]\" \/>\n<meta property=\"og:url\" content=\"https:\/\/lesmoles.com\/es\/ya-puedes-ver-los-menus-de-la-shoppingfood-night-de-ulldecona\/\" \/>\n<meta property=\"og:site_name\" content=\"Les Moles\" \/>\n<meta property=\"article:published_time\" content=\"2022-08-22T10:25:01+00:00\" \/>\n<meta property=\"article:modified_time\" content=\"2022-08-22T10:26:13+00:00\" \/>\n<meta property=\"og:image\" content=\"https:\/\/lesmoles.com\/wp-content\/uploads\/2022\/08\/2022_shopping_cuadrado2-1024x1024.jpg\" \/>\n<meta name=\"author\" content=\"N\u00faria\" \/>\n<meta name=\"twitter:card\" content=\"summary_large_image\" \/>\n<meta name=\"twitter:label1\" content=\"Escrito por\" \/>\n\t<meta name=\"twitter:data1\" content=\"N\u00faria\" \/>\n\t<meta name=\"twitter:label2\" content=\"Tiempo de lectura\" \/>\n\t<meta name=\"twitter:data2\" content=\"1 minuto\" \/>\n<script type=\"application\/ld+json\" class=\"yoast-schema-graph\">{\"@context\":\"https:\/\/schema.org\",\"@graph\":[{\"@type\":\"Article\",\"@id\":\"https:\/\/lesmoles.com\/es\/ya-puedes-ver-los-menus-de-la-shoppingfood-night-de-ulldecona\/#article\",\"isPartOf\":{\"@id\":\"https:\/\/lesmoles.com\/es\/ya-puedes-ver-los-menus-de-la-shoppingfood-night-de-ulldecona\/\"},\"author\":{\"name\":\"N\u00faria\",\"@id\":\"https:\/\/lesmoles.com\/#\/schema\/person\/d44dba4330ebf3f8963f3bfbbe61027c\"},\"headline\":\"Ya puedes ver los men\u00fas de la Shopping&amp;Food Night de Ulldecona\",\"datePublished\":\"2022-08-22T10:25:01+00:00\",\"dateModified\":\"2022-08-22T10:26:13+00:00\",\"mainEntityOfPage\":{\"@id\":\"https:\/\/lesmoles.com\/es\/ya-puedes-ver-los-menus-de-la-shoppingfood-night-de-ulldecona\/\"},\"wordCount\":122,\"commentCount\":0,\"publisher\":{\"@id\":\"https:\/\/lesmoles.com\/#organization\"},\"image\":{\"@id\":\"https:\/\/lesmoles.com\/es\/ya-puedes-ver-los-menus-de-la-shoppingfood-night-de-ulldecona\/#primaryimage\"},\"thumbnailUrl\":\"https:\/\/lesmoles.com\/wp-content\/uploads\/2022\/08\/2022_shopping_cuadrado2-1024x1024.jpg\",\"articleSection\":[\"Sin categorizar\"],\"inLanguage\":\"es\",\"potentialAction\":[{\"@type\":\"CommentAction\",\"name\":\"Comment\",\"target\":[\"https:\/\/lesmoles.com\/es\/ya-puedes-ver-los-menus-de-la-shoppingfood-night-de-ulldecona\/#respond\"]}]},{\"@type\":\"WebPage\",\"@id\":\"https:\/\/lesmoles.com\/es\/ya-puedes-ver-los-menus-de-la-shoppingfood-night-de-ulldecona\/\",\"url\":\"https:\/\/lesmoles.com\/es\/ya-puedes-ver-los-menus-de-la-shoppingfood-night-de-ulldecona\/\",\"name\":\"Ya puedes ver los men\u00fas de la Shopping&amp;Food Night de Ulldecona - Les Moles\",\"isPartOf\":{\"@id\":\"https:\/\/lesmoles.com\/#website\"},\"primaryImageOfPage\":{\"@id\":\"https:\/\/lesmoles.com\/es\/ya-puedes-ver-los-menus-de-la-shoppingfood-night-de-ulldecona\/#primaryimage\"},\"image\":{\"@id\":\"https:\/\/lesmoles.com\/es\/ya-puedes-ver-los-menus-de-la-shoppingfood-night-de-ulldecona\/#primaryimage\"},\"thumbnailUrl\":\"https:\/\/lesmoles.com\/wp-content\/uploads\/2022\/08\/2022_shopping_cuadrado2-1024x1024.jpg\",\"datePublished\":\"2022-08-22T10:25:01+00:00\",\"dateModified\":\"2022-08-22T10:26:13+00:00\",\"breadcrumb\":{\"@id\":\"https:\/\/lesmoles.com\/es\/ya-puedes-ver-los-menus-de-la-shoppingfood-night-de-ulldecona\/#breadcrumb\"},\"inLanguage\":\"es\",\"potentialAction\":[{\"@type\":\"ReadAction\",\"target\":[\"https:\/\/lesmoles.com\/es\/ya-puedes-ver-los-menus-de-la-shoppingfood-night-de-ulldecona\/\"]}]},{\"@type\":\"ImageObject\",\"inLanguage\":\"es\",\"@id\":\"https:\/\/lesmoles.com\/es\/ya-puedes-ver-los-menus-de-la-shoppingfood-night-de-ulldecona\/#primaryimage\",\"url\":\"https:\/\/lesmoles.com\/wp-content\/uploads\/2022\/08\/2022_shopping_cuadrado2-1024x1024.jpg\",\"contentUrl\":\"https:\/\/lesmoles.com\/wp-content\/uploads\/2022\/08\/2022_shopping_cuadrado2-1024x1024.jpg\"},{\"@type\":\"BreadcrumbList\",\"@id\":\"https:\/\/lesmoles.com\/es\/ya-puedes-ver-los-menus-de-la-shoppingfood-night-de-ulldecona\/#breadcrumb\",\"itemListElement\":[{\"@type\":\"ListItem\",\"position\":1,\"name\":\"Inici\",\"item\":\"https:\/\/lesmoles.com\/es\/\"},{\"@type\":\"ListItem\",\"position\":2,\"name\":\"Ya puedes ver los men\u00fas de la Shopping&amp;Food Night de Ulldecona\"}]},{\"@type\":\"WebSite\",\"@id\":\"https:\/\/lesmoles.com\/#website\",\"url\":\"https:\/\/lesmoles.com\/\",\"name\":\"Les Moles\",\"description\":\"Restaurante les Moles en Tarragona, Ulldecona Ctra. La S\u00e9nia, Km. 2. Ofreceros una experiencia gastron\u00f3mica \u00fanica..\",\"publisher\":{\"@id\":\"https:\/\/lesmoles.com\/#organization\"},\"potentialAction\":[{\"@type\":\"SearchAction\",\"target\":{\"@type\":\"EntryPoint\",\"urlTemplate\":\"https:\/\/lesmoles.com\/?s={search_term_string}\"},\"query-input\":{\"@type\":\"PropertyValueSpecification\",\"valueRequired\":true,\"valueName\":\"search_term_string\"}}],\"inLanguage\":\"es\"},{\"@type\":\"Organization\",\"@id\":\"https:\/\/lesmoles.com\/#organization\",\"name\":\"Les Moles\",\"url\":\"https:\/\/lesmoles.com\/\",\"logo\":{\"@type\":\"ImageObject\",\"inLanguage\":\"es\",\"@id\":\"https:\/\/lesmoles.com\/#\/schema\/logo\/image\/\",\"url\":\"https:\/\/lesmoles.com\/wp-content\/uploads\/2021\/12\/cropped-Les-Moles-Restaurant_transparent.png\",\"contentUrl\":\"https:\/\/lesmoles.com\/wp-content\/uploads\/2021\/12\/cropped-Les-Moles-Restaurant_transparent.png\",\"width\":512,\"height\":512,\"caption\":\"Les Moles\"},\"image\":{\"@id\":\"https:\/\/lesmoles.com\/#\/schema\/logo\/image\/\"}},{\"@type\":\"Person\",\"@id\":\"https:\/\/lesmoles.com\/#\/schema\/person\/d44dba4330ebf3f8963f3bfbbe61027c\",\"name\":\"N\u00faria\",\"image\":{\"@type\":\"ImageObject\",\"inLanguage\":\"es\",\"@id\":\"https:\/\/lesmoles.com\/#\/schema\/person\/image\/\",\"url\":\"https:\/\/secure.gravatar.com\/avatar\/2faef093b3907f7ea3017767879c2373949dbf26052e9924132b335c4a929744?s=96&d=mm&r=g\",\"contentUrl\":\"https:\/\/secure.gravatar.com\/avatar\/2faef093b3907f7ea3017767879c2373949dbf26052e9924132b335c4a929744?s=96&d=mm&r=g\",\"caption\":\"N\u00faria\"},\"url\":\"https:\/\/lesmoles.com\/es\/author\/creatividad\/\"}]}<\/script>\n<!-- \/ Yoast SEO plugin. -->","yoast_head_json":{"title":"Ya puedes ver los men\u00fas de la Shopping&amp;Food Night de Ulldecona - Les Moles","robots":{"index":"index","follow":"follow","max-snippet":"max-snippet:-1","max-image-preview":"max-image-preview:large","max-video-preview":"max-video-preview:-1"},"canonical":"https:\/\/lesmoles.com\/es\/ya-puedes-ver-los-menus-de-la-shoppingfood-night-de-ulldecona\/","og_locale":"es_ES","og_type":"article","og_title":"Ya puedes ver los men\u00fas de la Shopping&amp;Food Night de Ulldecona - Les Moles","og_description":"Este a\u00f1o 2022 est\u00e1 dando mucho de s\u00ed, y nosotros seguimos m\u00e1s activos que nunca para seguir comprando momentos especiales y \u00fanicos con todos vosotros. A continuaci\u00f3n podr\u00e1s ver los men\u00fas que le hemos preparado para la noche del martes 30 de agosto en Ulldecona, en la Shopping&amp;Food Night. Por un lado el men\u00fa \u00abLa [&hellip;]","og_url":"https:\/\/lesmoles.com\/es\/ya-puedes-ver-los-menus-de-la-shoppingfood-night-de-ulldecona\/","og_site_name":"Les Moles","article_published_time":"2022-08-22T10:25:01+00:00","article_modified_time":"2022-08-22T10:26:13+00:00","og_image":[{"url":"https:\/\/lesmoles.com\/wp-content\/uploads\/2022\/08\/2022_shopping_cuadrado2-1024x1024.jpg","type":"","width":"","height":""}],"author":"N\u00faria","twitter_card":"summary_large_image","twitter_misc":{"Escrito por":"N\u00faria","Tiempo de lectura":"1 minuto"},"schema":{"@context":"https:\/\/schema.org","@graph":[{"@type":"Article","@id":"https:\/\/lesmoles.com\/es\/ya-puedes-ver-los-menus-de-la-shoppingfood-night-de-ulldecona\/#article","isPartOf":{"@id":"https:\/\/lesmoles.com\/es\/ya-puedes-ver-los-menus-de-la-shoppingfood-night-de-ulldecona\/"},"author":{"name":"N\u00faria","@id":"https:\/\/lesmoles.com\/#\/schema\/person\/d44dba4330ebf3f8963f3bfbbe61027c"},"headline":"Ya puedes ver los men\u00fas de la Shopping&amp;Food Night de Ulldecona","datePublished":"2022-08-22T10:25:01+00:00","dateModified":"2022-08-22T10:26:13+00:00","mainEntityOfPage":{"@id":"https:\/\/lesmoles.com\/es\/ya-puedes-ver-los-menus-de-la-shoppingfood-night-de-ulldecona\/"},"wordCount":122,"commentCount":0,"publisher":{"@id":"https:\/\/lesmoles.com\/#organization"},"image":{"@id":"https:\/\/lesmoles.com\/es\/ya-puedes-ver-los-menus-de-la-shoppingfood-night-de-ulldecona\/#primaryimage"},"thumbnailUrl":"https:\/\/lesmoles.com\/wp-content\/uploads\/2022\/08\/2022_shopping_cuadrado2-1024x1024.jpg","articleSection":["Sin categorizar"],"inLanguage":"es","potentialAction":[{"@type":"CommentAction","name":"Comment","target":["https:\/\/lesmoles.com\/es\/ya-puedes-ver-los-menus-de-la-shoppingfood-night-de-ulldecona\/#respond"]}]},{"@type":"WebPage","@id":"https:\/\/lesmoles.com\/es\/ya-puedes-ver-los-menus-de-la-shoppingfood-night-de-ulldecona\/","url":"https:\/\/lesmoles.com\/es\/ya-puedes-ver-los-menus-de-la-shoppingfood-night-de-ulldecona\/","name":"Ya puedes ver los men\u00fas de la Shopping&amp;Food Night de Ulldecona - Les Moles","isPartOf":{"@id":"https:\/\/lesmoles.com\/#website"},"primaryImageOfPage":{"@id":"https:\/\/lesmoles.com\/es\/ya-puedes-ver-los-menus-de-la-shoppingfood-night-de-ulldecona\/#primaryimage"},"image":{"@id":"https:\/\/lesmoles.com\/es\/ya-puedes-ver-los-menus-de-la-shoppingfood-night-de-ulldecona\/#primaryimage"},"thumbnailUrl":"https:\/\/lesmoles.com\/wp-content\/uploads\/2022\/08\/2022_shopping_cuadrado2-1024x1024.jpg","datePublished":"2022-08-22T10:25:01+00:00","dateModified":"2022-08-22T10:26:13+00:00","breadcrumb":{"@id":"https:\/\/lesmoles.com\/es\/ya-puedes-ver-los-menus-de-la-shoppingfood-night-de-ulldecona\/#breadcrumb"},"inLanguage":"es","potentialAction":[{"@type":"ReadAction","target":["https:\/\/lesmoles.com\/es\/ya-puedes-ver-los-menus-de-la-shoppingfood-night-de-ulldecona\/"]}]},{"@type":"ImageObject","inLanguage":"es","@id":"https:\/\/lesmoles.com\/es\/ya-puedes-ver-los-menus-de-la-shoppingfood-night-de-ulldecona\/#primaryimage","url":"https:\/\/lesmoles.com\/wp-content\/uploads\/2022\/08\/2022_shopping_cuadrado2-1024x1024.jpg","contentUrl":"https:\/\/lesmoles.com\/wp-content\/uploads\/2022\/08\/2022_shopping_cuadrado2-1024x1024.jpg"},{"@type":"BreadcrumbList","@id":"https:\/\/lesmoles.com\/es\/ya-puedes-ver-los-menus-de-la-shoppingfood-night-de-ulldecona\/#breadcrumb","itemListElement":[{"@type":"ListItem","position":1,"name":"Inici","item":"https:\/\/lesmoles.com\/es\/"},{"@type":"ListItem","position":2,"name":"Ya puedes ver los men\u00fas de la Shopping&amp;Food Night de Ulldecona"}]},{"@type":"WebSite","@id":"https:\/\/lesmoles.com\/#website","url":"https:\/\/lesmoles.com\/","name":"Les Moles","description":"Restaurante les Moles en Tarragona, Ulldecona Ctra. La S\u00e9nia, Km. 2. Ofreceros una experiencia gastron\u00f3mica \u00fanica..","publisher":{"@id":"https:\/\/lesmoles.com\/#organization"},"potentialAction":[{"@type":"SearchAction","target":{"@type":"EntryPoint","urlTemplate":"https:\/\/lesmoles.com\/?s={search_term_string}"},"query-input":{"@type":"PropertyValueSpecification","valueRequired":true,"valueName":"search_term_string"}}],"inLanguage":"es"},{"@type":"Organization","@id":"https:\/\/lesmoles.com\/#organization","name":"Les Moles","url":"https:\/\/lesmoles.com\/","logo":{"@type":"ImageObject","inLanguage":"es","@id":"https:\/\/lesmoles.com\/#\/schema\/logo\/image\/","url":"https:\/\/lesmoles.com\/wp-content\/uploads\/2021\/12\/cropped-Les-Moles-Restaurant_transparent.png","contentUrl":"https:\/\/lesmoles.com\/wp-content\/uploads\/2021\/12\/cropped-Les-Moles-Restaurant_transparent.png","width":512,"height":512,"caption":"Les Moles"},"image":{"@id":"https:\/\/lesmoles.com\/#\/schema\/logo\/image\/"}},{"@type":"Person","@id":"https:\/\/lesmoles.com\/#\/schema\/person\/d44dba4330ebf3f8963f3bfbbe61027c","name":"N\u00faria","image":{"@type":"ImageObject","inLanguage":"es","@id":"https:\/\/lesmoles.com\/#\/schema\/person\/image\/","url":"https:\/\/secure.gravatar.com\/avatar\/2faef093b3907f7ea3017767879c2373949dbf26052e9924132b335c4a929744?s=96&d=mm&r=g","contentUrl":"https:\/\/secure.gravatar.com\/avatar\/2faef093b3907f7ea3017767879c2373949dbf26052e9924132b335c4a929744?s=96&d=mm&r=g","caption":"N\u00faria"},"url":"https:\/\/lesmoles.com\/es\/author\/creatividad\/"}]}},"publishpress_future_action":{"enabled":false,"date":"2026-06-03 17:20:39","action":"change-status","newStatus":"draft","terms":[],"taxonomy":"category","extraData":[]},"publishpress_future_workflow_manual_trigger":{"enabledWorkflows":[]},"_links":{"self":[{"href":"https:\/\/lesmoles.com\/es\/wp-json\/wp\/v2\/posts\/4404","targetHints":{"allow":["GET"]}}],"collection":[{"href":"https:\/\/lesmoles.com\/es\/wp-json\/wp\/v2\/posts"}],"about":[{"href":"https:\/\/lesmoles.com\/es\/wp-json\/wp\/v2\/types\/post"}],"author":[{"embeddable":true,"href":"https:\/\/lesmoles.com\/es\/wp-json\/wp\/v2\/users\/2"}],"replies":[{"embeddable":true,"href":"https:\/\/lesmoles.com\/es\/wp-json\/wp\/v2\/comments?post=4404"}],"version-history":[{"count":3,"href":"https:\/\/lesmoles.com\/es\/wp-json\/wp\/v2\/posts\/4404\/revisions"}],"predecessor-version":[{"id":4407,"href":"https:\/\/lesmoles.com\/es\/wp-json\/wp\/v2\/posts\/4404\/revisions\/4407"}],"wp:attachment":[{"href":"https:\/\/lesmoles.com\/es\/wp-json\/wp\/v2\/media?parent=4404"}],"wp:term":[{"taxonomy":"category","embeddable":true,"href":"https:\/\/lesmoles.com\/es\/wp-json\/wp\/v2\/categories?post=4404"},{"taxonomy":"post_tag","embeddable":true,"href":"https:\/\/lesmoles.com\/es\/wp-json\/wp\/v2\/tags?post=4404"}],"curies":[{"name":"wp","href":"https:\/\/api.w.org\/{rel}","templated":true}]}}