{"id":5660,"date":"2023-04-18T11:06:08","date_gmt":"2023-04-18T10:06:08","guid":{"rendered":"https:\/\/lesmoles.com\/les-moles-dulldecona-presenta-animamente-su-nuevo-menu-degustacion\/"},"modified":"2023-04-18T11:07:31","modified_gmt":"2023-04-18T10:07:31","slug":"les-moles-dulldecona-presenta-animamente-su-nuevo-menu-degustacion","status":"publish","type":"post","link":"https:\/\/lesmoles.com\/es\/les-moles-dulldecona-presenta-animamente-su-nuevo-menu-degustacion\/","title":{"rendered":"Les Moles d&#8217;Ulldecona presenta \u00abAnimamente\u00bb, su nuevo men\u00fa degustaci\u00f3n"},"content":{"rendered":"\n<p><strong>El chef Jeroni Castell ha elaborado una experi\u00e9ncia gastron\u00f3mica que nuevamente convina la esencia del producto con la innovaci\u00f3n culin\u00e1ria<\/strong><\/p>\n\n<p>El restaurante Les Moles de Ulldecona ha presentado su nuevo men\u00fa degustaci\u00f3n, llamado &#8216;\u00c0nimament&#8217;, que se podr\u00e1 saborear desde este viernes 14 de abril. Despu\u00e9s de meses de disfrutar con las diferentes elaboraciones del men\u00fa degustaci\u00f3n &#8216;Introspectiva&#8217;, el equipo de las Moles ofrece una nueva evoluci\u00f3n de su concepto de cocina que ha sido galardonado con una Estrella Michelin, dos Soles de Repsol y una Estrella Michel\u00edn verde en la sostenibilidad. Una vuelta m\u00e1s a la propuesta basada en la mezcla del respeto exquisito al producto de proximidad y las t\u00e9cnicas culinarias de vanguardia con el punto de divertimento y asombro que caracterizan las elaboraciones del chef Jeroni Castell.<\/p>\n\n<p>Como explica el propio Castell, el nombre del men\u00fa pretende evocar la fusi\u00f3n de los conceptos que han acompa\u00f1ado la trayectoria de Les Moles, el equilibrio entre producto e innovaci\u00f3n. \u00abCon Animamente queremos sumar el alma y la mente de Les Moles. Por un lado, el alma de lo que siempre hemos sido. La proximidad llevada al extremo gracias a los productos de nuestro huerto y de nuestro entorno. Por otro lado. la mente, qu\u00e9 es todo lo que hemos ido pensado, pero ahora con un discurso m\u00e1s radical gracias al nuevo espacio Les Moles I+Dentitat que nos ha permitido investigar con m\u00e1s t\u00e9cnicas\u00bb, ha explicado el chef.<\/p>\n\n<p>Y es que el nuevo men\u00fa &#8216;\u00c0nimanent&#8217; es fruto de un largo proceso de creaci\u00f3n que Jeroni Castell y su equipo de cocina han llevado a cabo en el nuevo centro de innovaci\u00f3n culinaria Les Moles I+Dentitat. Este espacio que ofrece es el que permitir\u00e1, seg\u00fan ha se\u00f1alado Castell, \u00abmarcar un punto de inflexi\u00f3n\u00bb en la trayectoria de los m\u00e1s de treinta a\u00f1os de Les Moles. Y a\u00f1ade que \u00ablas nuevas herramientas de las que ahora disponemos y que nos permitir\u00e1n seguir creciendo se visualizar\u00e1n en el nuevo men\u00fa \u00c1nimamente.<\/p>\n\n<p>Las reservas para poder disfrutar del nuevo men\u00fa &#8216;\u00c0nimament&#8217; ya est\u00e1n abiertas. Les Moles tambi\u00e9n ha programado cuatro sesiones de la Mesa del Chef que en cuesti\u00f3n de horas hab\u00edan completado las plazas disponibles, quedan unas pocas para la 4\u00aa Mesa del Chef del 5 de mayo. Este servicio especial que ofrece Les Moles a sus clientes permite degustar el men\u00fa en un grupo reducido acompa\u00f1ado por el chef Jeroni Castell y disfrutar de un maridaje especial seleccionado por la sumiller de Les Moles Carmen Sauch. Les reserves es poden fer a trav\u00e9s del web <a href=\"http:\/\/lesmoles.com\/\" target=\"_blank\" rel=\"noreferrer noopener\">lesmoles.com<\/a>.<\/p>\n","protected":false},"excerpt":{"rendered":"<p>El chef Jeroni Castell ha elaborado una experi\u00e9ncia gastron\u00f3mica que nuevamente convina la esencia del producto con la innovaci\u00f3n culin\u00e1ria El restaurante Les Moles de Ulldecona ha presentado su nuevo men\u00fa degustaci\u00f3n, llamado &#8216;\u00c0nimament&#8217;, que se podr\u00e1 saborear desde este viernes 14 de abril. Despu\u00e9s de meses de disfrutar con las diferentes elaboraciones del men\u00fa [&hellip;]<\/p>\n","protected":false},"author":2,"featured_media":0,"comment_status":"open","ping_status":"open","sticky":false,"template":"","format":"standard","meta":{"_acf_changed":false,"site-sidebar-layout":"default","site-content-layout":"","ast-site-content-layout":"","site-content-style":"default","site-sidebar-style":"default","ast-global-header-display":"","ast-banner-title-visibility":"","ast-main-header-display":"","ast-hfb-above-header-display":"","ast-hfb-below-header-display":"","ast-hfb-mobile-header-display":"","site-post-title":"","ast-breadcrumbs-content":"","ast-featured-img":"","footer-sml-layout":"","theme-transparent-header-meta":"","adv-header-id-meta":"","stick-header-meta":"","header-above-stick-meta":"","header-main-stick-meta":"","header-below-stick-meta":"","astra-migrate-meta-layouts":"default","ast-page-background-enabled":"default","ast-page-background-meta":{"desktop":{"background-color":"var(--ast-global-color-4)","background-image":"","background-repeat":"repeat","background-position":"center center","background-size":"auto","background-attachment":"scroll","background-type":"","background-media":"","overlay-type":"","overlay-color":"","overlay-opacity":"","overlay-gradient":""},"tablet":{"background-color":"","background-image":"","background-repeat":"repeat","background-position":"center center","background-size":"auto","background-attachment":"scroll","background-type":"","background-media":"","overlay-type":"","overlay-color":"","overlay-opacity":"","overlay-gradient":""},"mobile":{"background-color":"","background-image":"","background-repeat":"repeat","background-position":"center center","background-size":"auto","background-attachment":"scroll","background-type":"","background-media":"","overlay-type":"","overlay-color":"","overlay-opacity":"","overlay-gradient":""}},"ast-content-background-meta":{"desktop":{"background-color":"var(--ast-global-color-5)","background-image":"","background-repeat":"repeat","background-position":"center center","background-size":"auto","background-attachment":"scroll","background-type":"","background-media":"","overlay-type":"","overlay-color":"","overlay-opacity":"","overlay-gradient":""},"tablet":{"background-color":"var(--ast-global-color-5)","background-image":"","background-repeat":"repeat","background-position":"center center","background-size":"auto","background-attachment":"scroll","background-type":"","background-media":"","overlay-type":"","overlay-color":"","overlay-opacity":"","overlay-gradient":""},"mobile":{"background-color":"var(--ast-global-color-5)","background-image":"","background-repeat":"repeat","background-position":"center center","background-size":"auto","background-attachment":"scroll","background-type":"","background-media":"","overlay-type":"","overlay-color":"","overlay-opacity":"","overlay-gradient":""}},"footnotes":""},"categories":[31],"tags":[],"class_list":["post-5660","post","type-post","status-publish","format-standard","hentry","category-sin-categorizar"],"acf":[],"yoast_head":"<!-- This site is optimized with the Yoast SEO plugin v26.6 - https:\/\/yoast.com\/wordpress\/plugins\/seo\/ -->\n<title>Les Moles d&#039;Ulldecona presenta &quot;Animamente&quot;, su nuevo men\u00fa degustaci\u00f3n - Les Moles<\/title>\n<meta name=\"robots\" content=\"index, follow, max-snippet:-1, max-image-preview:large, max-video-preview:-1\" \/>\n<link rel=\"canonical\" href=\"https:\/\/lesmoles.com\/es\/les-moles-dulldecona-presenta-animamente-su-nuevo-menu-degustacion\/\" \/>\n<meta property=\"og:locale\" content=\"es_ES\" \/>\n<meta property=\"og:type\" content=\"article\" \/>\n<meta property=\"og:title\" content=\"Les Moles d&#039;Ulldecona presenta &quot;Animamente&quot;, su nuevo men\u00fa degustaci\u00f3n - Les Moles\" \/>\n<meta property=\"og:description\" content=\"El chef Jeroni Castell ha elaborado una experi\u00e9ncia gastron\u00f3mica que nuevamente convina la esencia del producto con la innovaci\u00f3n culin\u00e1ria El restaurante Les Moles de Ulldecona ha presentado su nuevo men\u00fa degustaci\u00f3n, llamado &#8216;\u00c0nimament&#8217;, que se podr\u00e1 saborear desde este viernes 14 de abril. Despu\u00e9s de meses de disfrutar con las diferentes elaboraciones del men\u00fa [&hellip;]\" \/>\n<meta property=\"og:url\" content=\"https:\/\/lesmoles.com\/es\/les-moles-dulldecona-presenta-animamente-su-nuevo-menu-degustacion\/\" \/>\n<meta property=\"og:site_name\" content=\"Les Moles\" \/>\n<meta property=\"article:published_time\" content=\"2023-04-18T10:06:08+00:00\" \/>\n<meta property=\"article:modified_time\" content=\"2023-04-18T10:07:31+00:00\" \/>\n<meta name=\"author\" content=\"N\u00faria\" \/>\n<meta name=\"twitter:card\" content=\"summary_large_image\" \/>\n<meta name=\"twitter:label1\" content=\"Escrito por\" \/>\n\t<meta name=\"twitter:data1\" content=\"N\u00faria\" \/>\n\t<meta name=\"twitter:label2\" content=\"Tiempo de lectura\" \/>\n\t<meta name=\"twitter:data2\" content=\"2 minutos\" \/>\n<script type=\"application\/ld+json\" class=\"yoast-schema-graph\">{\"@context\":\"https:\/\/schema.org\",\"@graph\":[{\"@type\":\"Article\",\"@id\":\"https:\/\/lesmoles.com\/es\/les-moles-dulldecona-presenta-animamente-su-nuevo-menu-degustacion\/#article\",\"isPartOf\":{\"@id\":\"https:\/\/lesmoles.com\/es\/les-moles-dulldecona-presenta-animamente-su-nuevo-menu-degustacion\/\"},\"author\":{\"name\":\"N\u00faria\",\"@id\":\"https:\/\/lesmoles.com\/#\/schema\/person\/d44dba4330ebf3f8963f3bfbbe61027c\"},\"headline\":\"Les Moles d&#8217;Ulldecona presenta \u00abAnimamente\u00bb, su nuevo men\u00fa degustaci\u00f3n\",\"datePublished\":\"2023-04-18T10:06:08+00:00\",\"dateModified\":\"2023-04-18T10:07:31+00:00\",\"mainEntityOfPage\":{\"@id\":\"https:\/\/lesmoles.com\/es\/les-moles-dulldecona-presenta-animamente-su-nuevo-menu-degustacion\/\"},\"wordCount\":467,\"commentCount\":0,\"publisher\":{\"@id\":\"https:\/\/lesmoles.com\/#organization\"},\"articleSection\":[\"Sin categorizar\"],\"inLanguage\":\"es\",\"potentialAction\":[{\"@type\":\"CommentAction\",\"name\":\"Comment\",\"target\":[\"https:\/\/lesmoles.com\/es\/les-moles-dulldecona-presenta-animamente-su-nuevo-menu-degustacion\/#respond\"]}]},{\"@type\":\"WebPage\",\"@id\":\"https:\/\/lesmoles.com\/es\/les-moles-dulldecona-presenta-animamente-su-nuevo-menu-degustacion\/\",\"url\":\"https:\/\/lesmoles.com\/es\/les-moles-dulldecona-presenta-animamente-su-nuevo-menu-degustacion\/\",\"name\":\"Les Moles d'Ulldecona presenta \\\"Animamente\\\", su nuevo men\u00fa degustaci\u00f3n - Les Moles\",\"isPartOf\":{\"@id\":\"https:\/\/lesmoles.com\/#website\"},\"datePublished\":\"2023-04-18T10:06:08+00:00\",\"dateModified\":\"2023-04-18T10:07:31+00:00\",\"breadcrumb\":{\"@id\":\"https:\/\/lesmoles.com\/es\/les-moles-dulldecona-presenta-animamente-su-nuevo-menu-degustacion\/#breadcrumb\"},\"inLanguage\":\"es\",\"potentialAction\":[{\"@type\":\"ReadAction\",\"target\":[\"https:\/\/lesmoles.com\/es\/les-moles-dulldecona-presenta-animamente-su-nuevo-menu-degustacion\/\"]}]},{\"@type\":\"BreadcrumbList\",\"@id\":\"https:\/\/lesmoles.com\/es\/les-moles-dulldecona-presenta-animamente-su-nuevo-menu-degustacion\/#breadcrumb\",\"itemListElement\":[{\"@type\":\"ListItem\",\"position\":1,\"name\":\"Inici\",\"item\":\"https:\/\/lesmoles.com\/es\/\"},{\"@type\":\"ListItem\",\"position\":2,\"name\":\"Les Moles d&#8217;Ulldecona presenta &#8220;Animamente&#8221;, su nuevo men\u00fa degustaci\u00f3n\"}]},{\"@type\":\"WebSite\",\"@id\":\"https:\/\/lesmoles.com\/#website\",\"url\":\"https:\/\/lesmoles.com\/\",\"name\":\"Les Moles\",\"description\":\"Restaurante les Moles en Tarragona, Ulldecona Ctra. La S\u00e9nia, Km. 2. Ofreceros una experiencia gastron\u00f3mica \u00fanica..\",\"publisher\":{\"@id\":\"https:\/\/lesmoles.com\/#organization\"},\"potentialAction\":[{\"@type\":\"SearchAction\",\"target\":{\"@type\":\"EntryPoint\",\"urlTemplate\":\"https:\/\/lesmoles.com\/?s={search_term_string}\"},\"query-input\":{\"@type\":\"PropertyValueSpecification\",\"valueRequired\":true,\"valueName\":\"search_term_string\"}}],\"inLanguage\":\"es\"},{\"@type\":\"Organization\",\"@id\":\"https:\/\/lesmoles.com\/#organization\",\"name\":\"Les Moles\",\"url\":\"https:\/\/lesmoles.com\/\",\"logo\":{\"@type\":\"ImageObject\",\"inLanguage\":\"es\",\"@id\":\"https:\/\/lesmoles.com\/#\/schema\/logo\/image\/\",\"url\":\"https:\/\/lesmoles.com\/wp-content\/uploads\/2021\/12\/cropped-Les-Moles-Restaurant_transparent.png\",\"contentUrl\":\"https:\/\/lesmoles.com\/wp-content\/uploads\/2021\/12\/cropped-Les-Moles-Restaurant_transparent.png\",\"width\":512,\"height\":512,\"caption\":\"Les Moles\"},\"image\":{\"@id\":\"https:\/\/lesmoles.com\/#\/schema\/logo\/image\/\"}},{\"@type\":\"Person\",\"@id\":\"https:\/\/lesmoles.com\/#\/schema\/person\/d44dba4330ebf3f8963f3bfbbe61027c\",\"name\":\"N\u00faria\",\"image\":{\"@type\":\"ImageObject\",\"inLanguage\":\"es\",\"@id\":\"https:\/\/lesmoles.com\/#\/schema\/person\/image\/\",\"url\":\"https:\/\/secure.gravatar.com\/avatar\/2faef093b3907f7ea3017767879c2373949dbf26052e9924132b335c4a929744?s=96&d=mm&r=g\",\"contentUrl\":\"https:\/\/secure.gravatar.com\/avatar\/2faef093b3907f7ea3017767879c2373949dbf26052e9924132b335c4a929744?s=96&d=mm&r=g\",\"caption\":\"N\u00faria\"},\"url\":\"https:\/\/lesmoles.com\/es\/author\/creatividad\/\"}]}<\/script>\n<!-- \/ Yoast SEO plugin. -->","yoast_head_json":{"title":"Les Moles d'Ulldecona presenta \"Animamente\", su nuevo men\u00fa degustaci\u00f3n - Les Moles","robots":{"index":"index","follow":"follow","max-snippet":"max-snippet:-1","max-image-preview":"max-image-preview:large","max-video-preview":"max-video-preview:-1"},"canonical":"https:\/\/lesmoles.com\/es\/les-moles-dulldecona-presenta-animamente-su-nuevo-menu-degustacion\/","og_locale":"es_ES","og_type":"article","og_title":"Les Moles d'Ulldecona presenta \"Animamente\", su nuevo men\u00fa degustaci\u00f3n - Les Moles","og_description":"El chef Jeroni Castell ha elaborado una experi\u00e9ncia gastron\u00f3mica que nuevamente convina la esencia del producto con la innovaci\u00f3n culin\u00e1ria El restaurante Les Moles de Ulldecona ha presentado su nuevo men\u00fa degustaci\u00f3n, llamado &#8216;\u00c0nimament&#8217;, que se podr\u00e1 saborear desde este viernes 14 de abril. Despu\u00e9s de meses de disfrutar con las diferentes elaboraciones del men\u00fa [&hellip;]","og_url":"https:\/\/lesmoles.com\/es\/les-moles-dulldecona-presenta-animamente-su-nuevo-menu-degustacion\/","og_site_name":"Les Moles","article_published_time":"2023-04-18T10:06:08+00:00","article_modified_time":"2023-04-18T10:07:31+00:00","author":"N\u00faria","twitter_card":"summary_large_image","twitter_misc":{"Escrito por":"N\u00faria","Tiempo de lectura":"2 minutos"},"schema":{"@context":"https:\/\/schema.org","@graph":[{"@type":"Article","@id":"https:\/\/lesmoles.com\/es\/les-moles-dulldecona-presenta-animamente-su-nuevo-menu-degustacion\/#article","isPartOf":{"@id":"https:\/\/lesmoles.com\/es\/les-moles-dulldecona-presenta-animamente-su-nuevo-menu-degustacion\/"},"author":{"name":"N\u00faria","@id":"https:\/\/lesmoles.com\/#\/schema\/person\/d44dba4330ebf3f8963f3bfbbe61027c"},"headline":"Les Moles d&#8217;Ulldecona presenta \u00abAnimamente\u00bb, su nuevo men\u00fa degustaci\u00f3n","datePublished":"2023-04-18T10:06:08+00:00","dateModified":"2023-04-18T10:07:31+00:00","mainEntityOfPage":{"@id":"https:\/\/lesmoles.com\/es\/les-moles-dulldecona-presenta-animamente-su-nuevo-menu-degustacion\/"},"wordCount":467,"commentCount":0,"publisher":{"@id":"https:\/\/lesmoles.com\/#organization"},"articleSection":["Sin categorizar"],"inLanguage":"es","potentialAction":[{"@type":"CommentAction","name":"Comment","target":["https:\/\/lesmoles.com\/es\/les-moles-dulldecona-presenta-animamente-su-nuevo-menu-degustacion\/#respond"]}]},{"@type":"WebPage","@id":"https:\/\/lesmoles.com\/es\/les-moles-dulldecona-presenta-animamente-su-nuevo-menu-degustacion\/","url":"https:\/\/lesmoles.com\/es\/les-moles-dulldecona-presenta-animamente-su-nuevo-menu-degustacion\/","name":"Les Moles d'Ulldecona presenta \"Animamente\", su nuevo men\u00fa degustaci\u00f3n - Les Moles","isPartOf":{"@id":"https:\/\/lesmoles.com\/#website"},"datePublished":"2023-04-18T10:06:08+00:00","dateModified":"2023-04-18T10:07:31+00:00","breadcrumb":{"@id":"https:\/\/lesmoles.com\/es\/les-moles-dulldecona-presenta-animamente-su-nuevo-menu-degustacion\/#breadcrumb"},"inLanguage":"es","potentialAction":[{"@type":"ReadAction","target":["https:\/\/lesmoles.com\/es\/les-moles-dulldecona-presenta-animamente-su-nuevo-menu-degustacion\/"]}]},{"@type":"BreadcrumbList","@id":"https:\/\/lesmoles.com\/es\/les-moles-dulldecona-presenta-animamente-su-nuevo-menu-degustacion\/#breadcrumb","itemListElement":[{"@type":"ListItem","position":1,"name":"Inici","item":"https:\/\/lesmoles.com\/es\/"},{"@type":"ListItem","position":2,"name":"Les Moles d&#8217;Ulldecona presenta &#8220;Animamente&#8221;, su nuevo men\u00fa degustaci\u00f3n"}]},{"@type":"WebSite","@id":"https:\/\/lesmoles.com\/#website","url":"https:\/\/lesmoles.com\/","name":"Les Moles","description":"Restaurante les Moles en Tarragona, Ulldecona Ctra. La S\u00e9nia, Km. 2. Ofreceros una experiencia gastron\u00f3mica \u00fanica..","publisher":{"@id":"https:\/\/lesmoles.com\/#organization"},"potentialAction":[{"@type":"SearchAction","target":{"@type":"EntryPoint","urlTemplate":"https:\/\/lesmoles.com\/?s={search_term_string}"},"query-input":{"@type":"PropertyValueSpecification","valueRequired":true,"valueName":"search_term_string"}}],"inLanguage":"es"},{"@type":"Organization","@id":"https:\/\/lesmoles.com\/#organization","name":"Les Moles","url":"https:\/\/lesmoles.com\/","logo":{"@type":"ImageObject","inLanguage":"es","@id":"https:\/\/lesmoles.com\/#\/schema\/logo\/image\/","url":"https:\/\/lesmoles.com\/wp-content\/uploads\/2021\/12\/cropped-Les-Moles-Restaurant_transparent.png","contentUrl":"https:\/\/lesmoles.com\/wp-content\/uploads\/2021\/12\/cropped-Les-Moles-Restaurant_transparent.png","width":512,"height":512,"caption":"Les Moles"},"image":{"@id":"https:\/\/lesmoles.com\/#\/schema\/logo\/image\/"}},{"@type":"Person","@id":"https:\/\/lesmoles.com\/#\/schema\/person\/d44dba4330ebf3f8963f3bfbbe61027c","name":"N\u00faria","image":{"@type":"ImageObject","inLanguage":"es","@id":"https:\/\/lesmoles.com\/#\/schema\/person\/image\/","url":"https:\/\/secure.gravatar.com\/avatar\/2faef093b3907f7ea3017767879c2373949dbf26052e9924132b335c4a929744?s=96&d=mm&r=g","contentUrl":"https:\/\/secure.gravatar.com\/avatar\/2faef093b3907f7ea3017767879c2373949dbf26052e9924132b335c4a929744?s=96&d=mm&r=g","caption":"N\u00faria"},"url":"https:\/\/lesmoles.com\/es\/author\/creatividad\/"}]}},"publishpress_future_action":{"enabled":false,"date":"2026-06-03 17:12:34","action":"change-status","newStatus":"draft","terms":[],"taxonomy":"category","extraData":[]},"publishpress_future_workflow_manual_trigger":{"enabledWorkflows":[]},"_links":{"self":[{"href":"https:\/\/lesmoles.com\/es\/wp-json\/wp\/v2\/posts\/5660","targetHints":{"allow":["GET"]}}],"collection":[{"href":"https:\/\/lesmoles.com\/es\/wp-json\/wp\/v2\/posts"}],"about":[{"href":"https:\/\/lesmoles.com\/es\/wp-json\/wp\/v2\/types\/post"}],"author":[{"embeddable":true,"href":"https:\/\/lesmoles.com\/es\/wp-json\/wp\/v2\/users\/2"}],"replies":[{"embeddable":true,"href":"https:\/\/lesmoles.com\/es\/wp-json\/wp\/v2\/comments?post=5660"}],"version-history":[{"count":1,"href":"https:\/\/lesmoles.com\/es\/wp-json\/wp\/v2\/posts\/5660\/revisions"}],"predecessor-version":[{"id":5661,"href":"https:\/\/lesmoles.com\/es\/wp-json\/wp\/v2\/posts\/5660\/revisions\/5661"}],"wp:attachment":[{"href":"https:\/\/lesmoles.com\/es\/wp-json\/wp\/v2\/media?parent=5660"}],"wp:term":[{"taxonomy":"category","embeddable":true,"href":"https:\/\/lesmoles.com\/es\/wp-json\/wp\/v2\/categories?post=5660"},{"taxonomy":"post_tag","embeddable":true,"href":"https:\/\/lesmoles.com\/es\/wp-json\/wp\/v2\/tags?post=5660"}],"curies":[{"name":"wp","href":"https:\/\/api.w.org\/{rel}","templated":true}]}}