{"id":5880,"date":"2023-06-13T08:57:39","date_gmt":"2023-06-13T07:57:39","guid":{"rendered":"https:\/\/lesmoles.com\/mikel-erentxun-es-lartista-protagonista-duna-nova-edicio-de-les-nits-destiu-de-les-moles\/"},"modified":"2023-06-13T09:16:12","modified_gmt":"2023-06-13T08:16:12","slug":"mikel-erentxun-es-lartista-protagonista-duna-nova-edicio-de-les-nits-destiu-de-les-moles","status":"publish","type":"post","link":"https:\/\/lesmoles.com\/es\/mikel-erentxun-es-lartista-protagonista-duna-nova-edicio-de-les-nits-destiu-de-les-moles\/","title":{"rendered":"Mikel Erentxun es el artista protagonista de una nueva edici\u00f3n de Les Nits d&#8217;Estiu de Les Moles"},"content":{"rendered":"\n<p><strong>La cena-concierto preparada por Jeroni Castell tendr\u00e1 lugar el viernes 14 de julio y las entradas ya est\u00e1n a la venta en la web de Les Moles<\/strong><strong><\/strong><\/p>\n\n<p>Las noches m\u00e1s especiales de Les Moles de Ulldecona vuelven un a\u00f1o m\u00e1s con una velada irrepetible que combina la mejor m\u00fasica en directo con la alta gastronom\u00eda de proximidad del chef Jeroni Castell. Este a\u00f1o el artista invitado en les Nits d&#8217;Estiu de Les Moles es Mikel Erentxun, una de las figuras m\u00e1s destacadas del pop-rock nacional. El m\u00fasico vasco ofrecer\u00e1 su repertorio maridado con un men\u00fa preparado exclusivamente para la ocasi\u00f3n y que se anunciar\u00e1 pr\u00f3ximamente.<\/p>\n\n<p>Mikel Erentxun es una de las figuras m\u00e1s reconocidas de la m\u00fasica rock en toda Espa\u00f1a. El m\u00fasico donostiarra fue el vocalista y l\u00edder de Duncan Dhu, uno de los grupos m\u00edticos de los a\u00f1os ochenta con \u00e9xitos que, como &#8216;Cien gaviotas&#8217;, han logrado traspasar generaciones. Desde 1992 desarrolla una exitosa carrera en solitario que le ha llevado a publicar diecis\u00e9is \u00e1lbumes. Su \u00faltimo trabajo (Amigos de guardia, 2021) es un recopilatorio de sus m\u00e1s de treinta y cinco a\u00f1os de carrera musical en el que han colaborado una veintena de artistas amigos del propio Erentxun.<\/p>\n\n<p>La presencia de Mikel Erentxun en Les Moles confirma, un a\u00f1o m\u00e1s, les Nits d&#8217;Estiu como una de las citas culturales y gastron\u00f3micas m\u00e1s esperadas en las Terres de l&#8217;Ebre. Los comensales pueden disfrutar de actuaciones musicales de primer nivel y de alta gastronom\u00eda rodeados de un espacio singular como es la cantera, situada en los jardines de Les Moles.<\/p>\n\n<p>Se trata de una iniciativa que demuestra la ambici\u00f3n del chef Jeroni Castell y de su equipo por sorprender siempre a sus invitados. Un trabajo que tambi\u00e9n realizan a trav\u00e9s de elaboraciones que unen el sabor del territorio y la cocina de vanguardia y que ha valido en el restaurante de Ulldecona una Estrella Michelin, dos Soles de Repsol y una Estrella Michelin Verde a la sostenibilidad.<\/p>\n\n<p>La de este a\u00f1o ser\u00e1 la und\u00e9cima edici\u00f3n de les Nits d&#8217;Estiu de les Moles. En todos estos a\u00f1os hemos podido disfrutar de artistas de renombre como Pancho C\u00e9spedes, Bebe, Chenoa, Caf\u00e9 Quijano, Pau Don\u00e9s o \u00c1lex Ubago, entre otros. Esta edici\u00f3n de Les Nits d&#8217;Estiu tendr\u00e1 lugar el pr\u00f3ximo viernes 14 de julio y las entradas ya se pueden adquirir en la web lesmoles.com.<\/p>\n","protected":false},"excerpt":{"rendered":"<p>La cena-concierto preparada por Jeroni Castell tendr\u00e1 lugar el viernes 14 de julio y las entradas ya est\u00e1n a la venta en la web de Les Moles Las noches m\u00e1s especiales de Les Moles de Ulldecona vuelven un a\u00f1o m\u00e1s con una velada irrepetible que combina la mejor m\u00fasica en directo con la alta gastronom\u00eda [&hellip;]<\/p>\n","protected":false},"author":2,"featured_media":5866,"comment_status":"open","ping_status":"open","sticky":true,"template":"","format":"standard","meta":{"_acf_changed":false,"site-sidebar-layout":"default","site-content-layout":"","ast-site-content-layout":"","site-content-style":"default","site-sidebar-style":"default","ast-global-header-display":"","ast-banner-title-visibility":"","ast-main-header-display":"","ast-hfb-above-header-display":"","ast-hfb-below-header-display":"","ast-hfb-mobile-header-display":"","site-post-title":"","ast-breadcrumbs-content":"","ast-featured-img":"","footer-sml-layout":"","theme-transparent-header-meta":"","adv-header-id-meta":"","stick-header-meta":"","header-above-stick-meta":"","header-main-stick-meta":"","header-below-stick-meta":"","astra-migrate-meta-layouts":"default","ast-page-background-enabled":"default","ast-page-background-meta":{"desktop":{"background-color":"var(--ast-global-color-4)","background-image":"","background-repeat":"repeat","background-position":"center center","background-size":"auto","background-attachment":"scroll","background-type":"","background-media":"","overlay-type":"","overlay-color":"","overlay-opacity":"","overlay-gradient":""},"tablet":{"background-color":"","background-image":"","background-repeat":"repeat","background-position":"center center","background-size":"auto","background-attachment":"scroll","background-type":"","background-media":"","overlay-type":"","overlay-color":"","overlay-opacity":"","overlay-gradient":""},"mobile":{"background-color":"","background-image":"","background-repeat":"repeat","background-position":"center center","background-size":"auto","background-attachment":"scroll","background-type":"","background-media":"","overlay-type":"","overlay-color":"","overlay-opacity":"","overlay-gradient":""}},"ast-content-background-meta":{"desktop":{"background-color":"var(--ast-global-color-5)","background-image":"","background-repeat":"repeat","background-position":"center center","background-size":"auto","background-attachment":"scroll","background-type":"","background-media":"","overlay-type":"","overlay-color":"","overlay-opacity":"","overlay-gradient":""},"tablet":{"background-color":"var(--ast-global-color-5)","background-image":"","background-repeat":"repeat","background-position":"center center","background-size":"auto","background-attachment":"scroll","background-type":"","background-media":"","overlay-type":"","overlay-color":"","overlay-opacity":"","overlay-gradient":""},"mobile":{"background-color":"var(--ast-global-color-5)","background-image":"","background-repeat":"repeat","background-position":"center center","background-size":"auto","background-attachment":"scroll","background-type":"","background-media":"","overlay-type":"","overlay-color":"","overlay-opacity":"","overlay-gradient":""}},"footnotes":""},"categories":[31],"tags":[],"class_list":["post-5880","post","type-post","status-publish","format-standard","has-post-thumbnail","hentry","category-sin-categorizar"],"acf":[],"yoast_head":"<!-- This site is optimized with the Yoast SEO plugin v26.6 - https:\/\/yoast.com\/wordpress\/plugins\/seo\/ -->\n<title>Mikel Erentxun es el artista protagonista de una nueva edici\u00f3n de Les Nits d&#039;Estiu de Les Moles - Les Moles<\/title>\n<meta name=\"robots\" content=\"index, follow, max-snippet:-1, max-image-preview:large, max-video-preview:-1\" \/>\n<link rel=\"canonical\" href=\"https:\/\/lesmoles.com\/es\/mikel-erentxun-es-lartista-protagonista-duna-nova-edicio-de-les-nits-destiu-de-les-moles\/\" \/>\n<meta property=\"og:locale\" content=\"es_ES\" \/>\n<meta property=\"og:type\" content=\"article\" \/>\n<meta property=\"og:title\" content=\"Mikel Erentxun es el artista protagonista de una nueva edici\u00f3n de Les Nits d&#039;Estiu de Les Moles - Les Moles\" \/>\n<meta property=\"og:description\" content=\"La cena-concierto preparada por Jeroni Castell tendr\u00e1 lugar el viernes 14 de julio y las entradas ya est\u00e1n a la venta en la web de Les Moles Las noches m\u00e1s especiales de Les Moles de Ulldecona vuelven un a\u00f1o m\u00e1s con una velada irrepetible que combina la mejor m\u00fasica en directo con la alta gastronom\u00eda [&hellip;]\" \/>\n<meta property=\"og:url\" content=\"https:\/\/lesmoles.com\/es\/mikel-erentxun-es-lartista-protagonista-duna-nova-edicio-de-les-nits-destiu-de-les-moles\/\" \/>\n<meta property=\"og:site_name\" content=\"Les Moles\" \/>\n<meta property=\"article:published_time\" content=\"2023-06-13T07:57:39+00:00\" \/>\n<meta property=\"article:modified_time\" content=\"2023-06-13T08:16:12+00:00\" \/>\n<meta property=\"og:image\" content=\"https:\/\/lesmoles.com\/wp-content\/uploads\/2023\/06\/2023_nitsdestiu_erentxun_FLYER.jpg\" \/>\n\t<meta property=\"og:image:width\" content=\"1181\" \/>\n\t<meta property=\"og:image:height\" content=\"1181\" \/>\n\t<meta property=\"og:image:type\" content=\"image\/jpeg\" \/>\n<meta name=\"author\" content=\"N\u00faria\" \/>\n<meta name=\"twitter:card\" content=\"summary_large_image\" \/>\n<meta name=\"twitter:label1\" content=\"Escrito por\" \/>\n\t<meta name=\"twitter:data1\" content=\"N\u00faria\" \/>\n\t<meta name=\"twitter:label2\" content=\"Tiempo de lectura\" \/>\n\t<meta name=\"twitter:data2\" content=\"2 minutos\" \/>\n<script type=\"application\/ld+json\" class=\"yoast-schema-graph\">{\"@context\":\"https:\/\/schema.org\",\"@graph\":[{\"@type\":\"Article\",\"@id\":\"https:\/\/lesmoles.com\/es\/mikel-erentxun-es-lartista-protagonista-duna-nova-edicio-de-les-nits-destiu-de-les-moles\/#article\",\"isPartOf\":{\"@id\":\"https:\/\/lesmoles.com\/es\/mikel-erentxun-es-lartista-protagonista-duna-nova-edicio-de-les-nits-destiu-de-les-moles\/\"},\"author\":{\"name\":\"N\u00faria\",\"@id\":\"https:\/\/lesmoles.com\/#\/schema\/person\/d44dba4330ebf3f8963f3bfbbe61027c\"},\"headline\":\"Mikel Erentxun es el artista protagonista de una nueva edici\u00f3n de Les Nits d&#8217;Estiu de Les Moles\",\"datePublished\":\"2023-06-13T07:57:39+00:00\",\"dateModified\":\"2023-06-13T08:16:12+00:00\",\"mainEntityOfPage\":{\"@id\":\"https:\/\/lesmoles.com\/es\/mikel-erentxun-es-lartista-protagonista-duna-nova-edicio-de-les-nits-destiu-de-les-moles\/\"},\"wordCount\":451,\"commentCount\":0,\"publisher\":{\"@id\":\"https:\/\/lesmoles.com\/#organization\"},\"image\":{\"@id\":\"https:\/\/lesmoles.com\/es\/mikel-erentxun-es-lartista-protagonista-duna-nova-edicio-de-les-nits-destiu-de-les-moles\/#primaryimage\"},\"thumbnailUrl\":\"https:\/\/lesmoles.com\/wp-content\/uploads\/2023\/06\/2023_nitsdestiu_erentxun_FLYER.jpg\",\"articleSection\":[\"Sin categorizar\"],\"inLanguage\":\"es\",\"potentialAction\":[{\"@type\":\"CommentAction\",\"name\":\"Comment\",\"target\":[\"https:\/\/lesmoles.com\/es\/mikel-erentxun-es-lartista-protagonista-duna-nova-edicio-de-les-nits-destiu-de-les-moles\/#respond\"]}]},{\"@type\":\"WebPage\",\"@id\":\"https:\/\/lesmoles.com\/es\/mikel-erentxun-es-lartista-protagonista-duna-nova-edicio-de-les-nits-destiu-de-les-moles\/\",\"url\":\"https:\/\/lesmoles.com\/es\/mikel-erentxun-es-lartista-protagonista-duna-nova-edicio-de-les-nits-destiu-de-les-moles\/\",\"name\":\"Mikel Erentxun es el artista protagonista de una nueva edici\u00f3n de Les Nits d'Estiu de Les Moles - Les Moles\",\"isPartOf\":{\"@id\":\"https:\/\/lesmoles.com\/#website\"},\"primaryImageOfPage\":{\"@id\":\"https:\/\/lesmoles.com\/es\/mikel-erentxun-es-lartista-protagonista-duna-nova-edicio-de-les-nits-destiu-de-les-moles\/#primaryimage\"},\"image\":{\"@id\":\"https:\/\/lesmoles.com\/es\/mikel-erentxun-es-lartista-protagonista-duna-nova-edicio-de-les-nits-destiu-de-les-moles\/#primaryimage\"},\"thumbnailUrl\":\"https:\/\/lesmoles.com\/wp-content\/uploads\/2023\/06\/2023_nitsdestiu_erentxun_FLYER.jpg\",\"datePublished\":\"2023-06-13T07:57:39+00:00\",\"dateModified\":\"2023-06-13T08:16:12+00:00\",\"breadcrumb\":{\"@id\":\"https:\/\/lesmoles.com\/es\/mikel-erentxun-es-lartista-protagonista-duna-nova-edicio-de-les-nits-destiu-de-les-moles\/#breadcrumb\"},\"inLanguage\":\"es\",\"potentialAction\":[{\"@type\":\"ReadAction\",\"target\":[\"https:\/\/lesmoles.com\/es\/mikel-erentxun-es-lartista-protagonista-duna-nova-edicio-de-les-nits-destiu-de-les-moles\/\"]}]},{\"@type\":\"ImageObject\",\"inLanguage\":\"es\",\"@id\":\"https:\/\/lesmoles.com\/es\/mikel-erentxun-es-lartista-protagonista-duna-nova-edicio-de-les-nits-destiu-de-les-moles\/#primaryimage\",\"url\":\"https:\/\/lesmoles.com\/wp-content\/uploads\/2023\/06\/2023_nitsdestiu_erentxun_FLYER.jpg\",\"contentUrl\":\"https:\/\/lesmoles.com\/wp-content\/uploads\/2023\/06\/2023_nitsdestiu_erentxun_FLYER.jpg\",\"width\":1181,\"height\":1181},{\"@type\":\"BreadcrumbList\",\"@id\":\"https:\/\/lesmoles.com\/es\/mikel-erentxun-es-lartista-protagonista-duna-nova-edicio-de-les-nits-destiu-de-les-moles\/#breadcrumb\",\"itemListElement\":[{\"@type\":\"ListItem\",\"position\":1,\"name\":\"Inici\",\"item\":\"https:\/\/lesmoles.com\/es\/\"},{\"@type\":\"ListItem\",\"position\":2,\"name\":\"Mikel Erentxun es el artista protagonista de una nueva edici\u00f3n de Les Nits d&#8217;Estiu de Les Moles\"}]},{\"@type\":\"WebSite\",\"@id\":\"https:\/\/lesmoles.com\/#website\",\"url\":\"https:\/\/lesmoles.com\/\",\"name\":\"Les Moles\",\"description\":\"Restaurante les Moles en Tarragona, Ulldecona Ctra. La S\u00e9nia, Km. 2. Ofreceros una experiencia gastron\u00f3mica \u00fanica..\",\"publisher\":{\"@id\":\"https:\/\/lesmoles.com\/#organization\"},\"potentialAction\":[{\"@type\":\"SearchAction\",\"target\":{\"@type\":\"EntryPoint\",\"urlTemplate\":\"https:\/\/lesmoles.com\/?s={search_term_string}\"},\"query-input\":{\"@type\":\"PropertyValueSpecification\",\"valueRequired\":true,\"valueName\":\"search_term_string\"}}],\"inLanguage\":\"es\"},{\"@type\":\"Organization\",\"@id\":\"https:\/\/lesmoles.com\/#organization\",\"name\":\"Les Moles\",\"url\":\"https:\/\/lesmoles.com\/\",\"logo\":{\"@type\":\"ImageObject\",\"inLanguage\":\"es\",\"@id\":\"https:\/\/lesmoles.com\/#\/schema\/logo\/image\/\",\"url\":\"https:\/\/lesmoles.com\/wp-content\/uploads\/2021\/12\/cropped-Les-Moles-Restaurant_transparent.png\",\"contentUrl\":\"https:\/\/lesmoles.com\/wp-content\/uploads\/2021\/12\/cropped-Les-Moles-Restaurant_transparent.png\",\"width\":512,\"height\":512,\"caption\":\"Les Moles\"},\"image\":{\"@id\":\"https:\/\/lesmoles.com\/#\/schema\/logo\/image\/\"}},{\"@type\":\"Person\",\"@id\":\"https:\/\/lesmoles.com\/#\/schema\/person\/d44dba4330ebf3f8963f3bfbbe61027c\",\"name\":\"N\u00faria\",\"image\":{\"@type\":\"ImageObject\",\"inLanguage\":\"es\",\"@id\":\"https:\/\/lesmoles.com\/#\/schema\/person\/image\/\",\"url\":\"https:\/\/secure.gravatar.com\/avatar\/2faef093b3907f7ea3017767879c2373949dbf26052e9924132b335c4a929744?s=96&d=mm&r=g\",\"contentUrl\":\"https:\/\/secure.gravatar.com\/avatar\/2faef093b3907f7ea3017767879c2373949dbf26052e9924132b335c4a929744?s=96&d=mm&r=g\",\"caption\":\"N\u00faria\"},\"url\":\"https:\/\/lesmoles.com\/es\/author\/creatividad\/\"}]}<\/script>\n<!-- \/ Yoast SEO plugin. -->","yoast_head_json":{"title":"Mikel Erentxun es el artista protagonista de una nueva edici\u00f3n de Les Nits d'Estiu de Les Moles - Les Moles","robots":{"index":"index","follow":"follow","max-snippet":"max-snippet:-1","max-image-preview":"max-image-preview:large","max-video-preview":"max-video-preview:-1"},"canonical":"https:\/\/lesmoles.com\/es\/mikel-erentxun-es-lartista-protagonista-duna-nova-edicio-de-les-nits-destiu-de-les-moles\/","og_locale":"es_ES","og_type":"article","og_title":"Mikel Erentxun es el artista protagonista de una nueva edici\u00f3n de Les Nits d'Estiu de Les Moles - Les Moles","og_description":"La cena-concierto preparada por Jeroni Castell tendr\u00e1 lugar el viernes 14 de julio y las entradas ya est\u00e1n a la venta en la web de Les Moles Las noches m\u00e1s especiales de Les Moles de Ulldecona vuelven un a\u00f1o m\u00e1s con una velada irrepetible que combina la mejor m\u00fasica en directo con la alta gastronom\u00eda [&hellip;]","og_url":"https:\/\/lesmoles.com\/es\/mikel-erentxun-es-lartista-protagonista-duna-nova-edicio-de-les-nits-destiu-de-les-moles\/","og_site_name":"Les Moles","article_published_time":"2023-06-13T07:57:39+00:00","article_modified_time":"2023-06-13T08:16:12+00:00","og_image":[{"width":1181,"height":1181,"url":"https:\/\/lesmoles.com\/wp-content\/uploads\/2023\/06\/2023_nitsdestiu_erentxun_FLYER.jpg","type":"image\/jpeg"}],"author":"N\u00faria","twitter_card":"summary_large_image","twitter_misc":{"Escrito por":"N\u00faria","Tiempo de lectura":"2 minutos"},"schema":{"@context":"https:\/\/schema.org","@graph":[{"@type":"Article","@id":"https:\/\/lesmoles.com\/es\/mikel-erentxun-es-lartista-protagonista-duna-nova-edicio-de-les-nits-destiu-de-les-moles\/#article","isPartOf":{"@id":"https:\/\/lesmoles.com\/es\/mikel-erentxun-es-lartista-protagonista-duna-nova-edicio-de-les-nits-destiu-de-les-moles\/"},"author":{"name":"N\u00faria","@id":"https:\/\/lesmoles.com\/#\/schema\/person\/d44dba4330ebf3f8963f3bfbbe61027c"},"headline":"Mikel Erentxun es el artista protagonista de una nueva edici\u00f3n de Les Nits d&#8217;Estiu de Les Moles","datePublished":"2023-06-13T07:57:39+00:00","dateModified":"2023-06-13T08:16:12+00:00","mainEntityOfPage":{"@id":"https:\/\/lesmoles.com\/es\/mikel-erentxun-es-lartista-protagonista-duna-nova-edicio-de-les-nits-destiu-de-les-moles\/"},"wordCount":451,"commentCount":0,"publisher":{"@id":"https:\/\/lesmoles.com\/#organization"},"image":{"@id":"https:\/\/lesmoles.com\/es\/mikel-erentxun-es-lartista-protagonista-duna-nova-edicio-de-les-nits-destiu-de-les-moles\/#primaryimage"},"thumbnailUrl":"https:\/\/lesmoles.com\/wp-content\/uploads\/2023\/06\/2023_nitsdestiu_erentxun_FLYER.jpg","articleSection":["Sin categorizar"],"inLanguage":"es","potentialAction":[{"@type":"CommentAction","name":"Comment","target":["https:\/\/lesmoles.com\/es\/mikel-erentxun-es-lartista-protagonista-duna-nova-edicio-de-les-nits-destiu-de-les-moles\/#respond"]}]},{"@type":"WebPage","@id":"https:\/\/lesmoles.com\/es\/mikel-erentxun-es-lartista-protagonista-duna-nova-edicio-de-les-nits-destiu-de-les-moles\/","url":"https:\/\/lesmoles.com\/es\/mikel-erentxun-es-lartista-protagonista-duna-nova-edicio-de-les-nits-destiu-de-les-moles\/","name":"Mikel Erentxun es el artista protagonista de una nueva edici\u00f3n de Les Nits d'Estiu de Les Moles - Les Moles","isPartOf":{"@id":"https:\/\/lesmoles.com\/#website"},"primaryImageOfPage":{"@id":"https:\/\/lesmoles.com\/es\/mikel-erentxun-es-lartista-protagonista-duna-nova-edicio-de-les-nits-destiu-de-les-moles\/#primaryimage"},"image":{"@id":"https:\/\/lesmoles.com\/es\/mikel-erentxun-es-lartista-protagonista-duna-nova-edicio-de-les-nits-destiu-de-les-moles\/#primaryimage"},"thumbnailUrl":"https:\/\/lesmoles.com\/wp-content\/uploads\/2023\/06\/2023_nitsdestiu_erentxun_FLYER.jpg","datePublished":"2023-06-13T07:57:39+00:00","dateModified":"2023-06-13T08:16:12+00:00","breadcrumb":{"@id":"https:\/\/lesmoles.com\/es\/mikel-erentxun-es-lartista-protagonista-duna-nova-edicio-de-les-nits-destiu-de-les-moles\/#breadcrumb"},"inLanguage":"es","potentialAction":[{"@type":"ReadAction","target":["https:\/\/lesmoles.com\/es\/mikel-erentxun-es-lartista-protagonista-duna-nova-edicio-de-les-nits-destiu-de-les-moles\/"]}]},{"@type":"ImageObject","inLanguage":"es","@id":"https:\/\/lesmoles.com\/es\/mikel-erentxun-es-lartista-protagonista-duna-nova-edicio-de-les-nits-destiu-de-les-moles\/#primaryimage","url":"https:\/\/lesmoles.com\/wp-content\/uploads\/2023\/06\/2023_nitsdestiu_erentxun_FLYER.jpg","contentUrl":"https:\/\/lesmoles.com\/wp-content\/uploads\/2023\/06\/2023_nitsdestiu_erentxun_FLYER.jpg","width":1181,"height":1181},{"@type":"BreadcrumbList","@id":"https:\/\/lesmoles.com\/es\/mikel-erentxun-es-lartista-protagonista-duna-nova-edicio-de-les-nits-destiu-de-les-moles\/#breadcrumb","itemListElement":[{"@type":"ListItem","position":1,"name":"Inici","item":"https:\/\/lesmoles.com\/es\/"},{"@type":"ListItem","position":2,"name":"Mikel Erentxun es el artista protagonista de una nueva edici\u00f3n de Les Nits d&#8217;Estiu de Les Moles"}]},{"@type":"WebSite","@id":"https:\/\/lesmoles.com\/#website","url":"https:\/\/lesmoles.com\/","name":"Les Moles","description":"Restaurante les Moles en Tarragona, Ulldecona Ctra. La S\u00e9nia, Km. 2. Ofreceros una experiencia gastron\u00f3mica \u00fanica..","publisher":{"@id":"https:\/\/lesmoles.com\/#organization"},"potentialAction":[{"@type":"SearchAction","target":{"@type":"EntryPoint","urlTemplate":"https:\/\/lesmoles.com\/?s={search_term_string}"},"query-input":{"@type":"PropertyValueSpecification","valueRequired":true,"valueName":"search_term_string"}}],"inLanguage":"es"},{"@type":"Organization","@id":"https:\/\/lesmoles.com\/#organization","name":"Les Moles","url":"https:\/\/lesmoles.com\/","logo":{"@type":"ImageObject","inLanguage":"es","@id":"https:\/\/lesmoles.com\/#\/schema\/logo\/image\/","url":"https:\/\/lesmoles.com\/wp-content\/uploads\/2021\/12\/cropped-Les-Moles-Restaurant_transparent.png","contentUrl":"https:\/\/lesmoles.com\/wp-content\/uploads\/2021\/12\/cropped-Les-Moles-Restaurant_transparent.png","width":512,"height":512,"caption":"Les Moles"},"image":{"@id":"https:\/\/lesmoles.com\/#\/schema\/logo\/image\/"}},{"@type":"Person","@id":"https:\/\/lesmoles.com\/#\/schema\/person\/d44dba4330ebf3f8963f3bfbbe61027c","name":"N\u00faria","image":{"@type":"ImageObject","inLanguage":"es","@id":"https:\/\/lesmoles.com\/#\/schema\/person\/image\/","url":"https:\/\/secure.gravatar.com\/avatar\/2faef093b3907f7ea3017767879c2373949dbf26052e9924132b335c4a929744?s=96&d=mm&r=g","contentUrl":"https:\/\/secure.gravatar.com\/avatar\/2faef093b3907f7ea3017767879c2373949dbf26052e9924132b335c4a929744?s=96&d=mm&r=g","caption":"N\u00faria"},"url":"https:\/\/lesmoles.com\/es\/author\/creatividad\/"}]}},"publishpress_future_action":{"enabled":false,"date":"2026-06-03 19:11:50","action":"change-status","newStatus":"draft","terms":[],"taxonomy":"category","extraData":[]},"publishpress_future_workflow_manual_trigger":{"enabledWorkflows":[]},"_links":{"self":[{"href":"https:\/\/lesmoles.com\/es\/wp-json\/wp\/v2\/posts\/5880","targetHints":{"allow":["GET"]}}],"collection":[{"href":"https:\/\/lesmoles.com\/es\/wp-json\/wp\/v2\/posts"}],"about":[{"href":"https:\/\/lesmoles.com\/es\/wp-json\/wp\/v2\/types\/post"}],"author":[{"embeddable":true,"href":"https:\/\/lesmoles.com\/es\/wp-json\/wp\/v2\/users\/2"}],"replies":[{"embeddable":true,"href":"https:\/\/lesmoles.com\/es\/wp-json\/wp\/v2\/comments?post=5880"}],"version-history":[{"count":2,"href":"https:\/\/lesmoles.com\/es\/wp-json\/wp\/v2\/posts\/5880\/revisions"}],"predecessor-version":[{"id":5882,"href":"https:\/\/lesmoles.com\/es\/wp-json\/wp\/v2\/posts\/5880\/revisions\/5882"}],"wp:featuredmedia":[{"embeddable":true,"href":"https:\/\/lesmoles.com\/es\/wp-json\/wp\/v2\/media\/5866"}],"wp:attachment":[{"href":"https:\/\/lesmoles.com\/es\/wp-json\/wp\/v2\/media?parent=5880"}],"wp:term":[{"taxonomy":"category","embeddable":true,"href":"https:\/\/lesmoles.com\/es\/wp-json\/wp\/v2\/categories?post=5880"},{"taxonomy":"post_tag","embeddable":true,"href":"https:\/\/lesmoles.com\/es\/wp-json\/wp\/v2\/tags?post=5880"}],"curies":[{"name":"wp","href":"https:\/\/api.w.org\/{rel}","templated":true}]}}